{"id":764,"date":"2017-08-10T15:51:10","date_gmt":"2017-08-10T14:51:10","guid":{"rendered":"http:\/\/www.sprawl.it\/blog\/?p=764"},"modified":"2020-01-12T20:54:25","modified_gmt":"2020-01-12T19:54:25","slug":"co2-e-sovrappopolazione-respirazione-umana","status":"publish","type":"post","link":"https:\/\/www.sprawl.it\/blog\/2017\/08\/10\/co2-e-sovrappopolazione-respirazione-umana\/","title":{"rendered":"CO2 e sovrappopolazione (respirazione umana)"},"content":{"rendered":"<p>Prendo appunti direttamente qui mentre faccio una ricerca per togliermi una curiosit\u00e0.<\/p>\n<p>Spero che le fonti che ho trovato riportino dati corretti:<\/p>\n<ol>\n<li style=\"text-align: left;\">Le emissioni di CO2 dovute alle attivit\u00e0 umane in un anno sono pari a<br \/>\n27Gt, ossia 27 miliardi di tonnellate (<a href=\"https:\/\/www.skepticalscience.com\/translation.php?a=16&amp;l=17\">link1<\/a> <a href=\"https:\/\/it.wikipedia.org\/wiki\/Stati_per_emissioni_di_CO2\">link2<\/a>)<\/li>\n<li style=\"text-align: left;\">Con la <a href=\"http:\/\/www.bioforest.it\/astronave-terra\/\">respirazione<\/a> un essere umano emette circa 0,8Kg di CO2 al giorno<\/li>\n<\/ol>\n<p>Un essere umano quindi emette con la respirazione 292Kg di CO2 all&#8217;anno:<\/p>\n<ol>\n<li>Nel <a href=\"https:\/\/it.wikipedia.org\/wiki\/Popolazione_mondiale#Anni_di_riferimento\">1927<\/a> la popolazione modiale ammontava a 2 miliardi, la respirazione era quindi responsabile di circa 0,6Gt di CO2 annue<\/li>\n<li>Nel 2011 la popolazione modiale ha superato i 7 miliardi, la respirazione \u00e8 quindi responsabile di circa 2Gt di CO2 annue<\/li>\n<\/ol>\n<p>Un essere umano che vive in un paese occidentale con le <a href=\"http:\/\/www.bioforest.it\/astronave-terra\/\">proprie attivit\u00e0<\/a> produce circa 34Kg di CO2 al giorno, ossia 12t all&#8217;anno. Ma questo evidentemente \u00e8 un dato derivato e non ci \u00e8 utile in quanto se stimo la popolazione occidentale in poco meno di 2 miliardi e moltiplico per le 12t si ottiene un dato molto vicino alle emissioni totali annue.<\/p>\n<p>La mia curiosit\u00e0 era: ma il numero di esseri umani \u00e8 legato alle emissioni di CO2 in modo diretto?<\/p>\n<p>Ovviamente la risposta \u00e8 s\u00ec, in quanto pi\u00f9 siamo e pi\u00f9 consumiamo. Le 2Gt di CO2 dovute alla respirazione non sono poche.<\/p>\n<p>Per limitare i cambiamenti climatici non \u00e8 forse pi\u00f9 semplice seguire la strada di un controllo delle nascite?<\/p>\n<p>Le pensioni tanto non ce le pagheranno comunque, che ci siano o meno immigrati per pagare i contributi. Meglio forse andare in pensione e 60 anni e morire obbligatoriamente a sorpresa dopo gli 80 anni quasi sani?<\/p>\n","protected":false},"excerpt":{"rendered":"<p>Prendo appunti direttamente qui mentre faccio una ricerca per togliermi una curiosit\u00e0. Spero che le fonti che ho trovato riportino dati corretti: Le emissioni di CO2 dovute alle attivit\u00e0 umane in un anno sono pari a 27Gt, ossia 27 miliardi di tonnellate (link1 link2) Con la respirazione un essere umano emette circa 0,8Kg di CO2 [&hellip;]<\/p>\n","protected":false},"author":1,"featured_media":0,"comment_status":"open","ping_status":"open","sticky":false,"template":"","format":"aside","meta":{"ngg_post_thumbnail":0,"jetpack_post_was_ever_published":false,"_jetpack_newsletter_access":"","_jetpack_dont_email_post_to_subs":false,"_jetpack_newsletter_tier_id":0,"_jetpack_memberships_contains_paywalled_content":false,"_jetpack_memberships_contains_paid_content":false,"footnotes":"","jetpack_publicize_message":"","jetpack_publicize_feature_enabled":true,"jetpack_social_post_already_shared":false,"jetpack_social_options":{"image_generator_settings":{"template":"highway","default_image_id":0,"font":"","enabled":false},"version":2}},"categories":[11],"tags":[],"class_list":["post-764","post","type-post","status-publish","format-aside","hentry","category-cose-serie","post_format-post-format-aside"],"jetpack_publicize_connections":[],"jetpack_featured_media_url":"","jetpack_sharing_enabled":true,"jetpack_shortlink":"https:\/\/wp.me\/p7cMxL-ck","jetpack-related-posts":[],"_links":{"self":[{"href":"https:\/\/www.sprawl.it\/blog\/wp-json\/wp\/v2\/posts\/764","targetHints":{"allow":["GET"]}}],"collection":[{"href":"https:\/\/www.sprawl.it\/blog\/wp-json\/wp\/v2\/posts"}],"about":[{"href":"https:\/\/www.sprawl.it\/blog\/wp-json\/wp\/v2\/types\/post"}],"author":[{"embeddable":true,"href":"https:\/\/www.sprawl.it\/blog\/wp-json\/wp\/v2\/users\/1"}],"replies":[{"embeddable":true,"href":"https:\/\/www.sprawl.it\/blog\/wp-json\/wp\/v2\/comments?post=764"}],"version-history":[{"count":2,"href":"https:\/\/www.sprawl.it\/blog\/wp-json\/wp\/v2\/posts\/764\/revisions"}],"predecessor-version":[{"id":821,"href":"https:\/\/www.sprawl.it\/blog\/wp-json\/wp\/v2\/posts\/764\/revisions\/821"}],"wp:attachment":[{"href":"https:\/\/www.sprawl.it\/blog\/wp-json\/wp\/v2\/media?parent=764"}],"wp:term":[{"taxonomy":"category","embeddable":true,"href":"https:\/\/www.sprawl.it\/blog\/wp-json\/wp\/v2\/categories?post=764"},{"taxonomy":"post_tag","embeddable":true,"href":"https:\/\/www.sprawl.it\/blog\/wp-json\/wp\/v2\/tags?post=764"}],"curies":[{"name":"wp","href":"https:\/\/api.w.org\/{rel}","templated":true}]}}